{"id":1450,"date":"2021-09-16T13:00:14","date_gmt":"2021-09-16T11:00:14","guid":{"rendered":"http:\/\/www.avofiumicino.it\/?p=1450"},"modified":"2021-09-16T13:03:49","modified_gmt":"2021-09-16T11:03:49","slug":"programma-del-corso-di-formazione-per-volontari-ospedalieri","status":"publish","type":"post","link":"https:\/\/www.avofiumicino.it\/?p=1450","title":{"rendered":"Programma del Corso di Formazione per Volontari Ospedalieri"},"content":{"rendered":"<p>A partire dal 18 settembre ogni sabato si svolger\u00e0 a Torrimpietra (Fiumicino) un corso di 3 ore, dalle 15 alle 18. Il corso durer\u00e0 sette settimane. <strong>Il corso \u00e8 aperto a tutti gli interessati<\/strong>.<br \/>\nQuesto il programma.<\/p>\n<p><!--more--><\/p>\n<p>Le lezioni si svolgeranno dal 18 settembre 2021 al 30 ottobre 2021 presso la sala della Parrocchia di S. Antonio Abate di Torre in Pietra in via\u00a0 Francesco Marcolini 22<br \/>\n<strong>Sabato 18 settembre dalle ore 15 alle ore 18<\/strong><\/p>\n<p><em>\u201cIntroduzione e Presentazione Associazione: <\/em><em>Storia ed organizzazione della Federavo\u201d<\/em><\/p>\n<p>Interviene ore 15:00<br \/>\n<em><strong>Carla Messano<\/strong><\/em> (Vice Presidente Federavo)<\/p>\n<p>Testimonianze Volontari Avo Fiumicino<br \/>\nIntervengono ore 16:30<br \/>\n<em><strong>Annamaria Pedrola<\/strong><\/em><br \/>\n<em><strong>Emilia De Silveri<\/strong><\/em><br \/>\n<em><strong>Gabriella Cavenaghi<\/strong><\/em><\/p>\n<hr \/>\n<p>&nbsp;<\/p>\n<p><strong>Sabato 25 settembre dalle ore 15 alle ore 18<\/strong><\/p>\n<p><em>\u201cConosciamo meglio l\u2019Ospedale. Presentazione dell\u2019Ospedale Bambin Ges\u00f9: la storia, le strutture e le regole per il volontariato\u201d<\/em><\/p>\n<p>Interviene ore 15:00<br \/>\n<em><strong>Dr.ssa Cinzia Montagna <\/strong> <\/em>(Servizio &#8220;Volontariato&#8221; Ospedale Pediatrico &#8220;Bambino Ges\u00f9&#8221; &#8211; I.R.C.C.S.)<\/p>\n<p><em>\u201cDeontologia del Volontario e le norme per prestare servizio in Ospedale\u201d<\/em><\/p>\n<p>Interviene ore 16:30<br \/>\n<em><strong>Felicetta Guerra<\/strong><\/em> (Coordinatrice volontari in Ospedale)<\/p>\n<p>Prova camici<\/p>\n<hr \/>\n<p>&nbsp;<\/p>\n<p><strong>Sabato 2 ottobre dalle ore 15 alle ore 18<\/strong><\/p>\n<p><em>\u201cIl reparto di neuroriabilitazione, una realt\u00e0 di sofferenza e speranza. Il ruolo del volontario\u201d<\/em><\/p>\n<p>Interviene ore 15:00<br \/>\n<em><strong>Dr. Enrico Castelli <\/strong><\/em>(Primario Neuroriabilitazione Ospedale Bambin Ges\u00f9 di Palidoro e S. Marinella)<\/p>\n<p><em>\u201cI volontari accanto ai genitori\u201d<\/em><\/p>\n<p>Interviene ore 16:30<br \/>\n<em><strong>Padre Arnaldo Pangrazzi<\/strong><\/em> ( Docente Ist. Camillianum )<\/p>\n<hr \/>\n<p><strong><br \/>\nSabato 9 ottobre dalle ore 15 alle ore 18<\/strong><\/p>\n<p><em>\u201cNorme di igiene e profilassi. Comportamenti nell\u2019Ospedale pediatrico\u201d<\/em><\/p>\n<p>Interviene ore 15:00<br \/>\n<em><strong>Gloria Tontini <\/strong><\/em>(Caposala Reparto Pediatria Multi specialistica)<\/p>\n<p><em>\u201cPresenza, ascolto ed accompagnamento: specificit\u00e0 del Volontario <\/em><em>nell\u2019Ospedale Pediatrico\u201d<\/em><\/p>\n<p>Interviene ore 16:30<br \/>\n<em><strong>Dott. Corrado Medori <\/strong><\/em>(Psicologo Clinico)<\/p>\n<hr \/>\n<p>&nbsp;<\/p>\n<p><strong>Sabato 16 ottobre dalle ore 15 alle ore 18<\/strong><\/p>\n<p><em>&#8220;La gestione delle emergenze nell\u2019Ospedale Pediatrico Bambino Ges\u00f9 (antincendio)&#8221;<\/em><\/p>\n<p>Interviene ore 15:00<br \/>\n<em><strong>Ing. Maria Paneore <\/strong><\/em>(Responsabile Servizio Sicurezza degli Ambienti di Lavoro presso Ospedale Pediatrico Bambino Ges\u00f9)<\/p>\n<p><em>&#8220;Caratteristiche nella relazione di aiuto nell\u2019Ospedale pediatrico&#8221;<\/em><\/p>\n<p>Interviene ore 16:30<br \/>\n<em><strong>Dott. Corrado Medori<\/strong><\/em> (Psicologo clinico)<\/p>\n<hr \/>\n<p>&nbsp;<\/p>\n<p><strong>Sabato 23 ottobre dalle ore 15 alle ore 18<\/strong><\/p>\n<p><em>\u201cL\u2019approccio riabilitativo nel trattamento del bambino con neuro lesione\u201d<\/em><\/p>\n<p>Interviene ore 15:00<br \/>\n<em><strong>Dott. Massimo Stortini <\/strong> <\/em>(Neuropsichiatra \u2013 Dirigente medico presso Neuroriabilitazione Pediatrica ospedale Bambin Ges\u00f9 di Palidoro)<\/p>\n<p><em>\u201cI giovani ed il volontariato, un binomio che pu\u00f2 funzionare\u201d<\/em><\/p>\n<p>Interviene ore 16:30<br \/>\n<em><strong>Chiara Cardinali\u00a0<\/strong><\/em>(Volontaria Avo Fiumicino)<\/p>\n<hr \/>\n<p>&nbsp;<\/p>\n<p><strong>Sabato 30 ottobre dalle ore 15 alle ore 18<\/strong><\/p>\n<p>Intervengono<br \/>\n<em><strong>Lina Ajello <\/strong><\/em>(Presidente AVO Regionale del Lazio)<br \/>\n<em><strong>Carmelina Zullo<\/strong><\/em> (Presidente AVO Fiumicino)<\/p>\n<p>Ore 17\/17,30 Consegna camici e tesserini provvisori<\/p>\n<p>&nbsp;<\/p>\n<hr \/>\n<p>&nbsp;<\/p>\n<p>&nbsp;<\/p>\n<p>\u00c8 importante seguire l\u2019intero ciclo di lezioni del Corso.<br \/>\nIl volontario che avr\u00e0 frequentato tutte le lezioni, potr\u00e0 iniziare un anno di tirocinio (Socio Tirocinante), affiancato da un volontario esperto e con una copertura assicurativa.<br \/>\nAl termine di questo periodo, se lo desidera e se ritenuto idoneo, ne verr\u00e0 confermato il passaggio a volontario effettivo (Socio Volontario).<\/p>\n<p><a title=\"Scarica il programma del corso in formato pdf\" href=\"http:\/\/www.avofiumicino.it\/wp\/wp-content\/uploads\/2021\/09\/Programma-Corso-2021.pdf\" target=\"_blank\">Scarica il programma del corso in formato pdf<\/a><\/p>\n","protected":false},"excerpt":{"rendered":"<p>A partire dal 18 settembre ogni sabato si svolger\u00e0 a Torrimpietra (Fiumicino) un corso di 3 ore, dalle 15 alle 18. Il corso durer\u00e0 sette settimane. Il corso \u00e8 aperto a tutti gli interessati. Questo il programma.<\/p>\n","protected":false},"author":1,"featured_media":0,"comment_status":"closed","ping_status":"closed","sticky":false,"template":"","format":"standard","meta":[],"categories":[5,1],"tags":[],"_links":{"self":[{"href":"https:\/\/www.avofiumicino.it\/index.php?rest_route=\/wp\/v2\/posts\/1450"}],"collection":[{"href":"https:\/\/www.avofiumicino.it\/index.php?rest_route=\/wp\/v2\/posts"}],"about":[{"href":"https:\/\/www.avofiumicino.it\/index.php?rest_route=\/wp\/v2\/types\/post"}],"author":[{"embeddable":true,"href":"https:\/\/www.avofiumicino.it\/index.php?rest_route=\/wp\/v2\/users\/1"}],"replies":[{"embeddable":true,"href":"https:\/\/www.avofiumicino.it\/index.php?rest_route=%2Fwp%2Fv2%2Fcomments&post=1450"}],"version-history":[{"count":3,"href":"https:\/\/www.avofiumicino.it\/index.php?rest_route=\/wp\/v2\/posts\/1450\/revisions"}],"predecessor-version":[{"id":1454,"href":"https:\/\/www.avofiumicino.it\/index.php?rest_route=\/wp\/v2\/posts\/1450\/revisions\/1454"}],"wp:attachment":[{"href":"https:\/\/www.avofiumicino.it\/index.php?rest_route=%2Fwp%2Fv2%2Fmedia&parent=1450"}],"wp:term":[{"taxonomy":"category","embeddable":true,"href":"https:\/\/www.avofiumicino.it\/index.php?rest_route=%2Fwp%2Fv2%2Fcategories&post=1450"},{"taxonomy":"post_tag","embeddable":true,"href":"https:\/\/www.avofiumicino.it\/index.php?rest_route=%2Fwp%2Fv2%2Ftags&post=1450"}],"curies":[{"name":"wp","href":"https:\/\/api.w.org\/{rel}","templated":true}]}}